{"id":141,"date":"2016-08-01T11:03:40","date_gmt":"2016-08-01T08:03:40","guid":{"rendered":"http:\/\/infeksiyon.org\/?p=141"},"modified":"2016-08-01T11:03:40","modified_gmt":"2016-08-01T08:03:40","slug":"mevsimsel-grip-asisi-sonrasi-guillain-barresendromu-riski","status":"publish","type":"post","link":"https:\/\/infeksiyon.org\/en\/mevsimsel-grip-asisi-sonrasi-guillain-barresendromu-riski\/","title":{"rendered":"Mevsimsel grip a\u015f\u0131s\u0131 sonras\u0131 Guillain-Barr\u00e9sendromu riski"},"content":{"rendered":"<p style=\"text-align: justify;\">Bu \u00e7al\u0131\u015fmada, influenza a\u015f\u0131s\u0131 nedeniyle Guillain-Barr\u00e9 sendromu geli\u015fmesi riski a\u015f\u0131n\u0131n yayg\u0131nla\u015fmas\u0131na kar\u015f\u0131 potansiyel bir engel olarak kalmaktad\u0131r. Ancak influenza infeksiyonunun kendisi de Guillain-Barr\u00e9 sendromu ile ili\u015fkili olabilir. Mevsimsel grip a\u015f\u0131s\u0131 yap\u0131lm\u0131\u015f ki\u015filerle sa\u011fl\u0131k \u00e7al\u0131\u015fanlar\u0131 taraf\u0131ndan influenza tan\u0131s\u0131 konulmu\u015f ki\u015filerde Guillain-Barr\u00e9 sendromu riski ara\u015ft\u0131r\u0131lm\u0131\u015f.<\/p>\n<p style=\"text-align: justify;\">Haber: Dr. Sibel Boluk\u00e7u<\/p>\n<p style=\"text-align: justify;\"><a href=\"http:\/\/www.thelancet.com\/journals\/laninf\">www.thelancet.com\/journals\/laninf<\/a><\/p>\n<p style=\"text-align: justify;\">2 Eyl\u00fcl 2013 Pazartesi Eklendi<\/p>\n","protected":false},"excerpt":{"rendered":"<p>Bu \u00e7al\u0131\u015fmada, influenza a\u015f\u0131s\u0131 nedeniyle Guillain-Barr\u00e9 sendromu geli\u015fmesi riski a\u015f\u0131n\u0131n yayg\u0131nla\u015fmas\u0131na kar\u015f\u0131 potansiyel bir engel olarak kalmaktad\u0131r. Ancak influenza infeksiyonunun kendisi de Guillain-Barr\u00e9 sendromu ile ili\u015fkili olabilir. Mevsimsel grip a\u015f\u0131s\u0131 yap\u0131lm\u0131\u015f ki\u015filerle sa\u011fl\u0131k \u00e7al\u0131\u015fanlar\u0131 taraf\u0131ndan influenza tan\u0131s\u0131 konulmu\u015f ki\u015filerde Guillain-Barr\u00e9 sendromu riski ara\u015ft\u0131r\u0131lm\u0131\u015f. Haber: Dr. Sibel Boluk\u00e7u www.thelancet.com\/journals\/laninf 2 Eyl\u00fcl 2013 Pazartesi Eklendi<\/p>\n","protected":false},"author":1,"featured_media":0,"comment_status":"open","ping_status":"open","sticky":false,"template":"","format":"standard","meta":{"_links_to":"","_links_to_target":""},"categories":[9],"tags":[],"_links":{"self":[{"href":"https:\/\/infeksiyon.org\/en\/wp-json\/wp\/v2\/posts\/141"}],"collection":[{"href":"https:\/\/infeksiyon.org\/en\/wp-json\/wp\/v2\/posts"}],"about":[{"href":"https:\/\/infeksiyon.org\/en\/wp-json\/wp\/v2\/types\/post"}],"author":[{"embeddable":true,"href":"https:\/\/infeksiyon.org\/en\/wp-json\/wp\/v2\/users\/1"}],"replies":[{"embeddable":true,"href":"https:\/\/infeksiyon.org\/en\/wp-json\/wp\/v2\/comments?post=141"}],"version-history":[{"count":1,"href":"https:\/\/infeksiyon.org\/en\/wp-json\/wp\/v2\/posts\/141\/revisions"}],"predecessor-version":[{"id":142,"href":"https:\/\/infeksiyon.org\/en\/wp-json\/wp\/v2\/posts\/141\/revisions\/142"}],"wp:attachment":[{"href":"https:\/\/infeksiyon.org\/en\/wp-json\/wp\/v2\/media?parent=141"}],"wp:term":[{"taxonomy":"category","embeddable":true,"href":"https:\/\/infeksiyon.org\/en\/wp-json\/wp\/v2\/categories?post=141"},{"taxonomy":"post_tag","embeddable":true,"href":"https:\/\/infeksiyon.org\/en\/wp-json\/wp\/v2\/tags?post=141"}],"curies":[{"name":"wp","href":"https:\/\/api.w.org\/{rel}","templated":true}]}}