{"id":116,"date":"2016-07-29T16:33:00","date_gmt":"2016-07-29T13:33:00","guid":{"rendered":"http:\/\/infeksiyon.org\/?p=116"},"modified":"2016-07-29T16:33:00","modified_gmt":"2016-07-29T13:33:00","slug":"ilk-vakalarin-ustunden-bir-yil-gecmesine-ragmen-kuba-hala-kolera-ile-mucadele-ediyor","status":"publish","type":"post","link":"https:\/\/infeksiyon.org\/en\/ilk-vakalarin-ustunden-bir-yil-gecmesine-ragmen-kuba-hala-kolera-ile-mucadele-ediyor\/","title":{"rendered":"(Turkish) \u0130lk vakalar\u0131n \u00fcst\u00fcnden bir y\u0131l ge\u00e7mesine ra\u011fmen K\u00fcba hala kolera ile m\u00fccadele ediyor"},"content":{"rendered":"<a href=\"http:\/\/www.medscape.com\/viewarticle\/809940\">http:\/\/www.medscape.com\/viewarticle\/809940<\/a><\/p>\n<p>Haberi a\u00e7an: Sibel B\u00f6luk\u00e7\u00fc<\/p>\n<p>31 A\u011fustos 2013 Cumartesi Eklendi.","protected":false},"excerpt":{"rendered":"<p>http:\/\/www.medscape.com\/viewarticle\/809940 Haberi a\u00e7an: Sibel B\u00f6luk\u00e7\u00fc 31 A\u011fustos 2013 Cumartesi Eklendi.<\/p>\n","protected":false},"author":1,"featured_media":0,"comment_status":"open","ping_status":"open","sticky":false,"template":"","format":"standard","meta":{"_links_to":"","_links_to_target":""},"categories":[9],"tags":[],"_links":{"self":[{"href":"https:\/\/infeksiyon.org\/en\/wp-json\/wp\/v2\/posts\/116"}],"collection":[{"href":"https:\/\/infeksiyon.org\/en\/wp-json\/wp\/v2\/posts"}],"about":[{"href":"https:\/\/infeksiyon.org\/en\/wp-json\/wp\/v2\/types\/post"}],"author":[{"embeddable":true,"href":"https:\/\/infeksiyon.org\/en\/wp-json\/wp\/v2\/users\/1"}],"replies":[{"embeddable":true,"href":"https:\/\/infeksiyon.org\/en\/wp-json\/wp\/v2\/comments?post=116"}],"version-history":[{"count":1,"href":"https:\/\/infeksiyon.org\/en\/wp-json\/wp\/v2\/posts\/116\/revisions"}],"predecessor-version":[{"id":117,"href":"https:\/\/infeksiyon.org\/en\/wp-json\/wp\/v2\/posts\/116\/revisions\/117"}],"wp:attachment":[{"href":"https:\/\/infeksiyon.org\/en\/wp-json\/wp\/v2\/media?parent=116"}],"wp:term":[{"taxonomy":"category","embeddable":true,"href":"https:\/\/infeksiyon.org\/en\/wp-json\/wp\/v2\/categories?post=116"},{"taxonomy":"post_tag","embeddable":true,"href":"https:\/\/infeksiyon.org\/en\/wp-json\/wp\/v2\/tags?post=116"}],"curies":[{"name":"wp","href":"https:\/\/api.w.org\/{rel}","templated":true}]}}